{"id":6356,"date":"2025-04-25T16:04:45","date_gmt":"2025-04-25T15:04:45","guid":{"rendered":"https:\/\/donprijedor.com\/?p=6356"},"modified":"2025-04-25T16:04:46","modified_gmt":"2025-04-25T15:04:46","slug":"sastanak-sa-udruzenjem-plavi-balon","status":"publish","type":"post","link":"http:\/\/donprijedor.com\/?p=6356","title":{"rendered":"Sastanak sa Udru\u017eenjem &#8220;Plavi balon&#8221;"},"content":{"rendered":"\n<p>Organizacije civilnog dru\u0161tva u Prijedoru, podr\u017eavaju inicijativu da se Pomo\u0107 i njega u ku\u0107i sprovodi u djelo.<\/p>\n\n\n\n<p>Danas smo sastanak odr\u017eali sa predstavnikom Udru\u017eenja Plavi balon i dobili punu podr\u0161ku u nastojanjima da se uz zajedni\u010dko djelovanje svih nas Pomo\u0107 i njega u ku\u0107i primjenjuju na na\u010din kako je to zakonom predvi\u0111eno.<\/p>\n\n\n\n<p>Neophodna je dopuna Pravilnika kojim se reguli\u0161e pravo na Pomo\u0107 i njegu u ku\u0107i, jer je ista potrebna za veliki broj gra\u0111ana starije dobi ali i za porodice <a><\/a>u kojima \u017eive lica sa invaliditetom.<\/p>\n\n\n\n<!--more-->\n\n\n\n<p><a href=\"https:\/\/www.facebook.com\/praggbih?__cft__[0]=AZX8e7rDOb6rczi4UhFcf1aFbzQ6AkLXql7HwrYKzhF9vBDTD0rZbMxU-dFGcF3fIA0E5WANUgb0c35Qi-QDSx6loxRTBIir0F6Nyvp6sxUXx3n4CYorFslnIc1-NO4Xvh8UKbacAx94BLpIh4IhknYVVPld6kLGlS3Od4dAHx7qlsyuW8E_Vrg53kbfgt5OjpGzq3oxyvzIlsUJbpV5HsRQ&amp;__tn__=-]K-R\">PRAGG &#8211; Proaktivni gra\u0111ani i gra\u0111anke<\/a><\/p>\n\n\n\n<p><a href=\"https:\/\/www.facebook.com\/SwissEmbassySarajevo?__cft__[0]=AZX8e7rDOb6rczi4UhFcf1aFbzQ6AkLXql7HwrYKzhF9vBDTD0rZbMxU-dFGcF3fIA0E5WANUgb0c35Qi-QDSx6loxRTBIir0F6Nyvp6sxUXx3n4CYorFslnIc1-NO4Xvh8UKbacAx94BLpIh4IhknYVVPld6kLGlS3Od4dAHx7qlsyuW8E_Vrg53kbfgt5OjpGzq3oxyvzIlsUJbpV5HsRQ&amp;__tn__=-]K-R\">Ambasada \u0160vicarske u Bosni i Hercegovini<\/a><\/p>\n\n\n\n<figure class=\"wp-block-gallery has-nested-images columns-default is-cropped wp-block-gallery-1 is-layout-flex wp-block-gallery-is-layout-flex\">\n<figure class=\"wp-block-image size-large\"><img fetchpriority=\"high\" decoding=\"async\" width=\"1024\" height=\"768\" data-id=\"6358\" src=\"https:\/\/donprijedor.com\/wp-content\/uploads\/2025\/04\/1-1-1024x768.jpg\" alt=\"\" class=\"wp-image-6358\" srcset=\"http:\/\/donprijedor.com\/wp-content\/uploads\/2025\/04\/1-1-1024x768.jpg 1024w, http:\/\/donprijedor.com\/wp-content\/uploads\/2025\/04\/1-1-300x225.jpg 300w, http:\/\/donprijedor.com\/wp-content\/uploads\/2025\/04\/1-1-768x576.jpg 768w, http:\/\/donprijedor.com\/wp-content\/uploads\/2025\/04\/1-1-1536x1152.jpg 1536w, http:\/\/donprijedor.com\/wp-content\/uploads\/2025\/04\/1-1-320x240.jpg 320w, http:\/\/donprijedor.com\/wp-content\/uploads\/2025\/04\/1-1.jpg 2048w\" sizes=\"(max-width: 1024px) 100vw, 1024px\" \/><\/figure>\n\n\n\n<figure class=\"wp-block-image size-large\"><img decoding=\"async\" width=\"1024\" height=\"574\" data-id=\"6357\" src=\"https:\/\/donprijedor.com\/wp-content\/uploads\/2025\/04\/2-1-1024x574.jpg\" alt=\"\" class=\"wp-image-6357\" srcset=\"http:\/\/donprijedor.com\/wp-content\/uploads\/2025\/04\/2-1-1024x574.jpg 1024w, http:\/\/donprijedor.com\/wp-content\/uploads\/2025\/04\/2-1-300x168.jpg 300w, http:\/\/donprijedor.com\/wp-content\/uploads\/2025\/04\/2-1-768x431.jpg 768w, http:\/\/donprijedor.com\/wp-content\/uploads\/2025\/04\/2-1-1536x861.jpg 1536w, http:\/\/donprijedor.com\/wp-content\/uploads\/2025\/04\/2-1.jpg 1600w\" sizes=\"(max-width: 1024px) 100vw, 1024px\" \/><\/figure>\n<\/figure>\n","protected":false},"excerpt":{"rendered":"<p>Organizacije civilnog dru\u0161tva u Prijedoru, podr\u017eavaju inicijativu da se Pomo\u0107 i njega u ku\u0107i sprovodi u djelo. Danas smo sastanak odr\u017eali sa predstavnikom Udru\u017eenja Plavi balon i dobili punu podr\u0161ku u nastojanjima da se uz zajedni\u010dko djelovanje svih nas Pomo\u0107 i njega u ku\u0107i primjenjuju na na\u010din kako je to zakonom predvi\u0111eno. Neophodna je dopuna [&hellip;]<\/p>\n","protected":false},"author":1,"featured_media":6357,"comment_status":"closed","ping_status":"closed","sticky":false,"template":"","format":"standard","meta":{"give_campaign_id":0,"footnotes":""},"categories":[33,32,35,31,15],"tags":[],"class_list":["post-6356","post","type-post","status-publish","format-standard","has-post-thumbnail","hentry","category-humanitarne-volonterske-i-edukativne-aktivnosti","category-jacanje-civilnog-drustva","category-rad-na-gradenju-zajednica","category-trenutni-projekti","category-c35-vijesti"],"aioseo_notices":[],"_links":{"self":[{"href":"http:\/\/donprijedor.com\/index.php?rest_route=\/wp\/v2\/posts\/6356","targetHints":{"allow":["GET"]}}],"collection":[{"href":"http:\/\/donprijedor.com\/index.php?rest_route=\/wp\/v2\/posts"}],"about":[{"href":"http:\/\/donprijedor.com\/index.php?rest_route=\/wp\/v2\/types\/post"}],"author":[{"embeddable":true,"href":"http:\/\/donprijedor.com\/index.php?rest_route=\/wp\/v2\/users\/1"}],"replies":[{"embeddable":true,"href":"http:\/\/donprijedor.com\/index.php?rest_route=%2Fwp%2Fv2%2Fcomments&post=6356"}],"version-history":[{"count":1,"href":"http:\/\/donprijedor.com\/index.php?rest_route=\/wp\/v2\/posts\/6356\/revisions"}],"predecessor-version":[{"id":6359,"href":"http:\/\/donprijedor.com\/index.php?rest_route=\/wp\/v2\/posts\/6356\/revisions\/6359"}],"wp:featuredmedia":[{"embeddable":true,"href":"http:\/\/donprijedor.com\/index.php?rest_route=\/wp\/v2\/media\/6357"}],"wp:attachment":[{"href":"http:\/\/donprijedor.com\/index.php?rest_route=%2Fwp%2Fv2%2Fmedia&parent=6356"}],"wp:term":[{"taxonomy":"category","embeddable":true,"href":"http:\/\/donprijedor.com\/index.php?rest_route=%2Fwp%2Fv2%2Fcategories&post=6356"},{"taxonomy":"post_tag","embeddable":true,"href":"http:\/\/donprijedor.com\/index.php?rest_route=%2Fwp%2Fv2%2Ftags&post=6356"}],"curies":[{"name":"wp","href":"https:\/\/api.w.org\/{rel}","templated":true}]}}