{"id":6432,"date":"2025-05-21T12:14:53","date_gmt":"2025-05-21T11:14:53","guid":{"rendered":"https:\/\/donprijedor.com\/?p=6432"},"modified":"2025-05-22T12:17:56","modified_gmt":"2025-05-22T11:17:56","slug":"gradani-nevesinja-takode-daju-podrsku-inicijativi","status":"publish","type":"post","link":"http:\/\/donprijedor.com\/?p=6432","title":{"rendered":"Gra\u0111ani Nevesinja tako\u0111e daju podr\u0161ku inicijativi"},"content":{"rendered":"\n<p>Gra\u0111ani Nevesinja tako\u0111e daju podr\u0161ku inicijativi za ostvarivanje socijalnog prava &#8220;Pomo\u0107 i njega u ku\u0107i&#8221; u organizaciji <a href=\"https:\/\/www.facebook.com\/profile.php?id=100064848214197&amp;__cft__[0]=AZW9zvgGYjx1Y55tUJsc2rLpfoujw0ugNnuXAFsgfifWCjY5olRWUIb_MMXYywwYZXquOT-1Lzxbc8yPXbJHO_xKNqrsroHrvgNy63HOZJewRgB4eF3xfRvQc-X_NDtSejUeH8rbx0mVKIzDmv8mAeg6ZUdrOlE4dJCFlzBWI5XM2P587TOjG5nNFpxb2b1GfEfHZe-ALA9e0Po3i2joaNfwQ9DrD3uOGm7K1DyQDBL8pg&amp;__tn__=-UC%2CP-y-R\"><strong>UG &#8220;Stop Mobbing&#8221;<\/strong><\/a><\/p>\n\n\n\n<!--more-->\n\n\n\n<p><a href=\"https:\/\/www.facebook.com\/praggbih?__cft__[0]=AZW9zvgGYjx1Y55tUJsc2rLpfoujw0ugNnuXAFsgfifWCjY5olRWUIb_MMXYywwYZXquOT-1Lzxbc8yPXbJHO_xKNqrsroHrvgNy63HOZJewRgB4eF3xfRvQc-X_NDtSejUeH8rbx0mVKIzDmv8mAeg6ZUdrOlE4dJCFlzBWI5XM2P587TOjG5nNFpxb2b1GfEfHZe-ALA9e0Po3i2joaNfwQ9DrD3uOGm7K1DyQDBL8pg&amp;__tn__=-]K-R\">PRAGG &#8211; Proaktivni gra\u0111ani i gra\u0111anke<\/a><\/p>\n\n\n\n<p><a href=\"https:\/\/www.facebook.com\/SwissEmbassySarajevo?__cft__[0]=AZW9zvgGYjx1Y55tUJsc2rLpfoujw0ugNnuXAFsgfifWCjY5olRWUIb_MMXYywwYZXquOT-1Lzxbc8yPXbJHO_xKNqrsroHrvgNy63HOZJewRgB4eF3xfRvQc-X_NDtSejUeH8rbx0mVKIzDmv8mAeg6ZUdrOlE4dJCFlzBWI5XM2P587TOjG5nNFpxb2b1GfEfHZe-ALA9e0Po3i2joaNfwQ9DrD3uOGm7K1DyQDBL8pg&amp;__tn__=-]K-R\">Ambasada \u0160vicarske u Bosni i Hercegovini<\/a><\/p>\n\n\n\n<figure class=\"wp-block-gallery has-nested-images columns-default is-cropped wp-block-gallery-1 is-layout-flex wp-block-gallery-is-layout-flex\">\n<figure class=\"wp-block-image size-large\"><img fetchpriority=\"high\" decoding=\"async\" width=\"462\" height=\"1024\" data-id=\"6433\" src=\"https:\/\/donprijedor.com\/wp-content\/uploads\/2025\/05\/1-6-462x1024.jpg\" alt=\"\" class=\"wp-image-6433\" srcset=\"http:\/\/donprijedor.com\/wp-content\/uploads\/2025\/05\/1-6-462x1024.jpg 462w, http:\/\/donprijedor.com\/wp-content\/uploads\/2025\/05\/1-6-135x300.jpg 135w, http:\/\/donprijedor.com\/wp-content\/uploads\/2025\/05\/1-6-768x1703.jpg 768w, http:\/\/donprijedor.com\/wp-content\/uploads\/2025\/05\/1-6-693x1536.jpg 693w, http:\/\/donprijedor.com\/wp-content\/uploads\/2025\/05\/1-6.jpg 812w\" sizes=\"(max-width: 462px) 100vw, 462px\" \/><\/figure>\n\n\n\n<figure class=\"wp-block-image size-large\"><img decoding=\"async\" width=\"462\" height=\"1024\" data-id=\"6435\" src=\"https:\/\/donprijedor.com\/wp-content\/uploads\/2025\/05\/2-6-462x1024.jpg\" alt=\"\" class=\"wp-image-6435\" srcset=\"http:\/\/donprijedor.com\/wp-content\/uploads\/2025\/05\/2-6-462x1024.jpg 462w, http:\/\/donprijedor.com\/wp-content\/uploads\/2025\/05\/2-6-135x300.jpg 135w, http:\/\/donprijedor.com\/wp-content\/uploads\/2025\/05\/2-6-768x1703.jpg 768w, http:\/\/donprijedor.com\/wp-content\/uploads\/2025\/05\/2-6-693x1536.jpg 693w, http:\/\/donprijedor.com\/wp-content\/uploads\/2025\/05\/2-6.jpg 812w\" sizes=\"(max-width: 462px) 100vw, 462px\" \/><\/figure>\n\n\n\n<figure class=\"wp-block-image size-large\"><img decoding=\"async\" data-id=\"6434\" src=\"https:\/\/donprijedor.com\/wp-content\/uploads\/2025\/05\/3-4-462x1024.jpg\" alt=\"\" class=\"wp-image-6434\"\/><\/figure>\n<\/figure>\n","protected":false},"excerpt":{"rendered":"<p>Gra\u0111ani Nevesinja tako\u0111e daju podr\u0161ku inicijativi za ostvarivanje socijalnog prava &#8220;Pomo\u0107 i njega u ku\u0107i&#8221; u organizaciji UG &#8220;Stop Mobbing&#8221;<\/p>\n","protected":false},"author":1,"featured_media":6435,"comment_status":"closed","ping_status":"closed","sticky":false,"template":"","format":"standard","meta":{"give_campaign_id":0,"_monsterinsights_skip_tracking":false,"_monsterinsights_sitenote_active":false,"_monsterinsights_sitenote_note":"","_monsterinsights_sitenote_category":0,"footnotes":""},"categories":[34,33,32,31,15],"tags":[],"class_list":["post-6432","post","type-post","status-publish","format-standard","has-post-thumbnail","hentry","category-ekonomsko-osnazivanje-gradana","category-humanitarne-volonterske-i-edukativne-aktivnosti","category-jacanje-civilnog-drustva","category-trenutni-projekti","category-c35-vijesti"],"aioseo_notices":[],"_links":{"self":[{"href":"http:\/\/donprijedor.com\/index.php?rest_route=\/wp\/v2\/posts\/6432","targetHints":{"allow":["GET"]}}],"collection":[{"href":"http:\/\/donprijedor.com\/index.php?rest_route=\/wp\/v2\/posts"}],"about":[{"href":"http:\/\/donprijedor.com\/index.php?rest_route=\/wp\/v2\/types\/post"}],"author":[{"embeddable":true,"href":"http:\/\/donprijedor.com\/index.php?rest_route=\/wp\/v2\/users\/1"}],"replies":[{"embeddable":true,"href":"http:\/\/donprijedor.com\/index.php?rest_route=%2Fwp%2Fv2%2Fcomments&post=6432"}],"version-history":[{"count":2,"href":"http:\/\/donprijedor.com\/index.php?rest_route=\/wp\/v2\/posts\/6432\/revisions"}],"predecessor-version":[{"id":6437,"href":"http:\/\/donprijedor.com\/index.php?rest_route=\/wp\/v2\/posts\/6432\/revisions\/6437"}],"wp:featuredmedia":[{"embeddable":true,"href":"http:\/\/donprijedor.com\/index.php?rest_route=\/wp\/v2\/media\/6435"}],"wp:attachment":[{"href":"http:\/\/donprijedor.com\/index.php?rest_route=%2Fwp%2Fv2%2Fmedia&parent=6432"}],"wp:term":[{"taxonomy":"category","embeddable":true,"href":"http:\/\/donprijedor.com\/index.php?rest_route=%2Fwp%2Fv2%2Fcategories&post=6432"},{"taxonomy":"post_tag","embeddable":true,"href":"http:\/\/donprijedor.com\/index.php?rest_route=%2Fwp%2Fv2%2Ftags&post=6432"}],"curies":[{"name":"wp","href":"https:\/\/api.w.org\/{rel}","templated":true}]}}