{"id":6447,"date":"2025-06-05T13:48:04","date_gmt":"2025-06-05T12:48:04","guid":{"rendered":"https:\/\/donprijedor.com\/?p=6447"},"modified":"2025-06-09T13:49:23","modified_gmt":"2025-06-09T12:49:23","slug":"info-stand-pomoc-u-kuci-ne-na-papiru","status":"publish","type":"post","link":"http:\/\/donprijedor.com\/?p=6447","title":{"rendered":"INFO \u0160TAND &#8211; POMO\u0106 U KU\u0106I NE NA PAPIRU"},"content":{"rendered":"\n<p><\/p>\n\n\n\n<p>Danas smo u Prijedoru informisali gra\u0111ane o na\u0161oj inicijativi za ostvarivanje socijalnog prava &#8220;Pomo\u0107 i njega u ku\u0107i&#8221; za stara i iznemogla lica u Republici Srpskoj kroz primjenu Pravilnika o ostvarivanju prava na pomo\u0107 i njegu u ku\u0107i.<\/p>\n\n\n\n<!--more-->\n\n\n\n<p>Veliko HVALA na\u0161im sugra\u0111anima na preko 250 potpisa podr\u0161ke za pokretanje inicijative.<\/p>\n\n\n\n<p><a><\/a>Sutra smo ponovo na trgu od 10 \u010dasova pa ne propustite \u0161ansu da svojim potpisom podr\u017eite inicijativu za dostojanstveno starenje na\u0161ih sugra\u0111ana.<\/p>\n\n\n\n<p><a href=\"https:\/\/www.facebook.com\/praggbih?__cft__[0]=AZXSgA2lRMOOVP906GyQXXo7Gr3Kvr1oao1MQIiBXywQKgItyKnGbgI-fiVYxWKO9IaW6HBEzJfD_i-nnHasXDO4v5KpMLBGo_Lb43ppuOprH2n5jrGZ1fQrDp6un2rsp2IzTDxGrpA-DA0dts_fj4zOYG56lOqkkRkeDPi4fSFC1ozqj0YY_8rZ9PL1usTsW3hBxVKcZ-HYXIsXUWLiBjiW&amp;__tn__=-]K-R\">PRAGG &#8211; Proaktivni gra\u0111ani i gra\u0111anke<\/a><\/p>\n\n\n\n<p><a href=\"https:\/\/www.facebook.com\/SwissEmbassySarajevo?__cft__[0]=AZXSgA2lRMOOVP906GyQXXo7Gr3Kvr1oao1MQIiBXywQKgItyKnGbgI-fiVYxWKO9IaW6HBEzJfD_i-nnHasXDO4v5KpMLBGo_Lb43ppuOprH2n5jrGZ1fQrDp6un2rsp2IzTDxGrpA-DA0dts_fj4zOYG56lOqkkRkeDPi4fSFC1ozqj0YY_8rZ9PL1usTsW3hBxVKcZ-HYXIsXUWLiBjiW&amp;__tn__=-]K-R\">Ambasada \u0160vicarske u Bosni i Hercegovini<\/a><\/p>\n\n\n\n<figure class=\"wp-block-gallery has-nested-images columns-default is-cropped wp-block-gallery-1 is-layout-flex wp-block-gallery-is-layout-flex\">\n<figure class=\"wp-block-image size-large\"><img fetchpriority=\"high\" decoding=\"async\" width=\"574\" height=\"1024\" data-id=\"6448\" src=\"https:\/\/donprijedor.com\/wp-content\/uploads\/2025\/06\/1-574x1024.jpg\" alt=\"\" class=\"wp-image-6448\" srcset=\"http:\/\/donprijedor.com\/wp-content\/uploads\/2025\/06\/1-574x1024.jpg 574w, http:\/\/donprijedor.com\/wp-content\/uploads\/2025\/06\/1-168x300.jpg 168w, http:\/\/donprijedor.com\/wp-content\/uploads\/2025\/06\/1-768x1370.jpg 768w, http:\/\/donprijedor.com\/wp-content\/uploads\/2025\/06\/1-861x1536.jpg 861w, http:\/\/donprijedor.com\/wp-content\/uploads\/2025\/06\/1.jpg 1148w\" sizes=\"(max-width: 574px) 100vw, 574px\" \/><\/figure>\n\n\n\n<figure class=\"wp-block-image size-large\"><img decoding=\"async\" width=\"574\" height=\"1024\" data-id=\"6450\" src=\"https:\/\/donprijedor.com\/wp-content\/uploads\/2025\/06\/2-574x1024.jpg\" alt=\"\" class=\"wp-image-6450\" srcset=\"http:\/\/donprijedor.com\/wp-content\/uploads\/2025\/06\/2-574x1024.jpg 574w, http:\/\/donprijedor.com\/wp-content\/uploads\/2025\/06\/2-168x300.jpg 168w, http:\/\/donprijedor.com\/wp-content\/uploads\/2025\/06\/2-768x1370.jpg 768w, http:\/\/donprijedor.com\/wp-content\/uploads\/2025\/06\/2-861x1536.jpg 861w, http:\/\/donprijedor.com\/wp-content\/uploads\/2025\/06\/2.jpg 1148w\" sizes=\"(max-width: 574px) 100vw, 574px\" \/><\/figure>\n\n\n\n<figure class=\"wp-block-image size-large\"><img decoding=\"async\" width=\"574\" height=\"1024\" data-id=\"6449\" src=\"https:\/\/donprijedor.com\/wp-content\/uploads\/2025\/06\/3-574x1024.jpg\" alt=\"\" class=\"wp-image-6449\" srcset=\"http:\/\/donprijedor.com\/wp-content\/uploads\/2025\/06\/3-574x1024.jpg 574w, http:\/\/donprijedor.com\/wp-content\/uploads\/2025\/06\/3-168x300.jpg 168w, http:\/\/donprijedor.com\/wp-content\/uploads\/2025\/06\/3-768x1370.jpg 768w, http:\/\/donprijedor.com\/wp-content\/uploads\/2025\/06\/3-861x1536.jpg 861w, http:\/\/donprijedor.com\/wp-content\/uploads\/2025\/06\/3.jpg 1148w\" sizes=\"(max-width: 574px) 100vw, 574px\" \/><\/figure>\n<\/figure>\n","protected":false},"excerpt":{"rendered":"<p>Danas smo u Prijedoru informisali gra\u0111ane o na\u0161oj inicijativi za ostvarivanje socijalnog prava &#8220;Pomo\u0107 i njega u ku\u0107i&#8221; za stara i iznemogla lica u Republici Srpskoj kroz primjenu Pravilnika o ostvarivanju prava na pomo\u0107 i njegu u ku\u0107i.<\/p>\n","protected":false},"author":1,"featured_media":6450,"comment_status":"closed","ping_status":"closed","sticky":false,"template":"","format":"standard","meta":{"give_campaign_id":0,"footnotes":""},"categories":[34,33,32,31,15],"tags":[],"class_list":["post-6447","post","type-post","status-publish","format-standard","has-post-thumbnail","hentry","category-ekonomsko-osnazivanje-gradana","category-humanitarne-volonterske-i-edukativne-aktivnosti","category-jacanje-civilnog-drustva","category-trenutni-projekti","category-c35-vijesti"],"aioseo_notices":[],"_links":{"self":[{"href":"http:\/\/donprijedor.com\/index.php?rest_route=\/wp\/v2\/posts\/6447","targetHints":{"allow":["GET"]}}],"collection":[{"href":"http:\/\/donprijedor.com\/index.php?rest_route=\/wp\/v2\/posts"}],"about":[{"href":"http:\/\/donprijedor.com\/index.php?rest_route=\/wp\/v2\/types\/post"}],"author":[{"embeddable":true,"href":"http:\/\/donprijedor.com\/index.php?rest_route=\/wp\/v2\/users\/1"}],"replies":[{"embeddable":true,"href":"http:\/\/donprijedor.com\/index.php?rest_route=%2Fwp%2Fv2%2Fcomments&post=6447"}],"version-history":[{"count":1,"href":"http:\/\/donprijedor.com\/index.php?rest_route=\/wp\/v2\/posts\/6447\/revisions"}],"predecessor-version":[{"id":6451,"href":"http:\/\/donprijedor.com\/index.php?rest_route=\/wp\/v2\/posts\/6447\/revisions\/6451"}],"wp:featuredmedia":[{"embeddable":true,"href":"http:\/\/donprijedor.com\/index.php?rest_route=\/wp\/v2\/media\/6450"}],"wp:attachment":[{"href":"http:\/\/donprijedor.com\/index.php?rest_route=%2Fwp%2Fv2%2Fmedia&parent=6447"}],"wp:term":[{"taxonomy":"category","embeddable":true,"href":"http:\/\/donprijedor.com\/index.php?rest_route=%2Fwp%2Fv2%2Fcategories&post=6447"},{"taxonomy":"post_tag","embeddable":true,"href":"http:\/\/donprijedor.com\/index.php?rest_route=%2Fwp%2Fv2%2Ftags&post=6447"}],"curies":[{"name":"wp","href":"https:\/\/api.w.org\/{rel}","templated":true}]}}