{"id":6606,"date":"2026-03-04T16:33:29","date_gmt":"2026-03-04T15:33:29","guid":{"rendered":"https:\/\/donprijedor.com\/?p=6606"},"modified":"2026-03-12T16:34:50","modified_gmt":"2026-03-12T15:34:50","slug":"nastavak-aktivnosti-na-unapredenju-transparentnosti-raspodjele-sredstava-organizacijama-civilnog-drustva","status":"publish","type":"post","link":"http:\/\/donprijedor.com\/?p=6606","title":{"rendered":"Nastavak aktivnosti na unapre\u0111enju transparentnosti raspodjele sredstava organizacijama civilnog dru\u0161tva"},"content":{"rendered":"\n<p><\/p>\n\n\n\n<p>Udru\u017eenje gra\u0111ana \u201eDON\u201c odr\u017ealo je drugi sastanak sa predstavnicima Odjeljenja za kulturu, me\u0111unarodnu saradnju, sport i nevladine organizacije Grada Prijedora. Sastanku su prisustvovali na\u010delnik odjeljenja Aleksandar Milje\u0161i\u0107 i \u0161ef Odsjeka za sport i nevladine organizacije Dragan Vu\u010denovi\u0107.<\/p>\n\n\n\n<!--more-->\n\n\n\n<p>Tokom sastanka razgovarano je o inicijativi za unapre\u0111enje transparentnosti i efikasnosti procesa raspodjele bud\u017eetskih sredstava organizacijama civilnog dru\u0161tva.<\/p>\n\n\n\n<p>Dogovoreno je pokretanje zajedni\u010dke inicijative za izmjene:<\/p>\n\n\n\n<p><img loading=\"lazy\" decoding=\"async\" height=\"16\" width=\"16\" alt=\"\u2714\" src=\"https:\/\/static.xx.fbcdn.net\/images\/emoji.php\/v9\/t51\/1\/16\/2714.png\"> Pravilnika o kriterijumima, na\u010dinu i postupku raspodjele sredstava za projekte mladih<\/p>\n\n\n\n<p><img loading=\"lazy\" decoding=\"async\" height=\"16\" width=\"16\" alt=\"\u2714\" src=\"https:\/\/static.xx.fbcdn.net\/images\/emoji.php\/v9\/t51\/1\/16\/2714.png\"> Pravilnika o kriterijumima, na\u010dinu i postupku raspodjele sredstava udru\u017eenjima i fondacijama<\/p>\n\n\n\n<p>Tako\u0111e je dogovoreno da naredni korak bude formiranje radne grupe koja \u0107e raditi na pripremi prijedloga izmjena i unapre\u0111enju navedenih pravilnika.<\/p>\n\n\n\n<p>Cilj inicijative je unapre\u0111enje transparentnosti, jasnije definisanje kriterijuma i ja\u010danje povjerenja javnosti u proces raspodjele bud\u017eetskih sredstava.<\/p>\n\n\n\n<p>Udru\u017eenje \u201eDON\u201c nastavlja aktivno raditi na ja\u010danju partnerstva izme\u0111u lokalne uprave i organizacija civilnog dru\u0161tva, s ciljem stvaranja transparentnijeg, pravednijeg i odgovornijeg sistema podr\u0161ke projektima koji doprinose razvoju lokalne zajednice.<\/p>\n\n\n\n<p><a href=\"https:\/\/www.facebook.com\/praggbih?__cft__[0]=AZYZSPoW314rXPfqEj0_8m6RXP0CoMUHRmHsQzkuP-CanMd-pftcObWzWTdgSSNsDj7UuEW1e_Lh5dsDgEdwC0DuXyFSUpVT_z3tMlK3ez0xGlXSE6NJe8q1tzgzEYE86-oyWtLGdziik2URfTqw4YxdyRgkxd11L8Rxysnh8C64Y3SwiK1bhvu7M3tx-zMEjd0&amp;__tn__=-]K-R\">PRAGG &#8211; Proaktivni gra\u0111ani i gra\u0111anke<\/a><\/p>\n\n\n\n<p><a href=\"https:\/\/www.facebook.com\/SwissEmbassySarajevo?__cft__[0]=AZYZSPoW314rXPfqEj0_8m6RXP0CoMUHRmHsQzkuP-CanMd-pftcObWzWTdgSSNsDj7UuEW1e_Lh5dsDgEdwC0DuXyFSUpVT_z3tMlK3ez0xGlXSE6NJe8q1tzgzEYE86-oyWtLGdziik2URfTqw4YxdyRgkxd11L8Rxysnh8C64Y3SwiK1bhvu7M3tx-zMEjd0&amp;__tn__=-]K-R\">Ambasada \u0160vicarske u Bosni i Hercegovini<\/a><\/p>\n\n\n\n<figure class=\"wp-block-gallery has-nested-images columns-default is-cropped wp-block-gallery-1 is-layout-flex wp-block-gallery-is-layout-flex\">\n<figure class=\"wp-block-image size-large\"><img loading=\"lazy\" decoding=\"async\" width=\"1024\" height=\"574\" data-id=\"6607\" src=\"https:\/\/donprijedor.com\/wp-content\/uploads\/2026\/03\/1-2-1024x574.jpg\" alt=\"\" class=\"wp-image-6607\" srcset=\"http:\/\/donprijedor.com\/wp-content\/uploads\/2026\/03\/1-2-1024x574.jpg 1024w, http:\/\/donprijedor.com\/wp-content\/uploads\/2026\/03\/1-2-300x168.jpg 300w, http:\/\/donprijedor.com\/wp-content\/uploads\/2026\/03\/1-2-768x431.jpg 768w, http:\/\/donprijedor.com\/wp-content\/uploads\/2026\/03\/1-2-1536x861.jpg 1536w, http:\/\/donprijedor.com\/wp-content\/uploads\/2026\/03\/1-2.jpg 2048w\" sizes=\"auto, (max-width: 1024px) 100vw, 1024px\" \/><\/figure>\n<\/figure>\n","protected":false},"excerpt":{"rendered":"<p>Udru\u017eenje gra\u0111ana \u201eDON\u201c odr\u017ealo je drugi sastanak sa predstavnicima Odjeljenja za kulturu, me\u0111unarodnu saradnju, sport i nevladine organizacije Grada Prijedora. Sastanku su prisustvovali na\u010delnik odjeljenja Aleksandar Milje\u0161i\u0107 i \u0161ef Odsjeka za sport i nevladine organizacije Dragan Vu\u010denovi\u0107.<\/p>\n<a class=\"more-link\" rel=\"nofollow\" href=\"http:\/\/donprijedor.com\/?p=6606\">[Detaljnije...]<\/a>","protected":false},"author":1,"featured_media":6607,"comment_status":"closed","ping_status":"closed","sticky":false,"template":"","format":"standard","meta":{"footnotes":""},"categories":[32,31,15],"tags":[],"class_list":["post-6606","post","type-post","status-publish","format-standard","has-post-thumbnail","hentry","category-jacanje-civilnog-drustva","category-trenutni-projekti","category-c35-vijesti"],"_links":{"self":[{"href":"http:\/\/donprijedor.com\/index.php?rest_route=\/wp\/v2\/posts\/6606","targetHints":{"allow":["GET"]}}],"collection":[{"href":"http:\/\/donprijedor.com\/index.php?rest_route=\/wp\/v2\/posts"}],"about":[{"href":"http:\/\/donprijedor.com\/index.php?rest_route=\/wp\/v2\/types\/post"}],"author":[{"embeddable":true,"href":"http:\/\/donprijedor.com\/index.php?rest_route=\/wp\/v2\/users\/1"}],"replies":[{"embeddable":true,"href":"http:\/\/donprijedor.com\/index.php?rest_route=%2Fwp%2Fv2%2Fcomments&post=6606"}],"version-history":[{"count":1,"href":"http:\/\/donprijedor.com\/index.php?rest_route=\/wp\/v2\/posts\/6606\/revisions"}],"predecessor-version":[{"id":6608,"href":"http:\/\/donprijedor.com\/index.php?rest_route=\/wp\/v2\/posts\/6606\/revisions\/6608"}],"wp:featuredmedia":[{"embeddable":true,"href":"http:\/\/donprijedor.com\/index.php?rest_route=\/wp\/v2\/media\/6607"}],"wp:attachment":[{"href":"http:\/\/donprijedor.com\/index.php?rest_route=%2Fwp%2Fv2%2Fmedia&parent=6606"}],"wp:term":[{"taxonomy":"category","embeddable":true,"href":"http:\/\/donprijedor.com\/index.php?rest_route=%2Fwp%2Fv2%2Fcategories&post=6606"},{"taxonomy":"post_tag","embeddable":true,"href":"http:\/\/donprijedor.com\/index.php?rest_route=%2Fwp%2Fv2%2Ftags&post=6606"}],"curies":[{"name":"wp","href":"https:\/\/api.w.org\/{rel}","templated":true}]}}