{"id":6614,"date":"2026-02-20T16:40:41","date_gmt":"2026-02-20T15:40:41","guid":{"rendered":"https:\/\/donprijedor.com\/?p=6614"},"modified":"2026-03-12T16:42:03","modified_gmt":"2026-03-12T15:42:03","slug":"februar-svjetski-dan-socijalne-pravde","status":"publish","type":"post","link":"http:\/\/donprijedor.com\/?p=6614","title":{"rendered":"februar \u2013 Svjetski dan socijalne pravde"},"content":{"rendered":"\n<p>Da li stara i iznemogla lica imaju pravo na socijalnu pravdu?<\/p>\n\n\n\n<p>Pravo na dostojanstven \u017eivot, podr\u0161ku i njegu ne smije zavisiti od mjesta stanovanja ili finansijskih mogu\u0107nosti.<\/p>\n\n\n\n<p>O\u010dekujemo skore izmjene Pravilnika o ostvarivanju prava na pomo\u0107 i njegu u ku\u0107i koje \u0107e omogu\u0107iti ve\u0107em broju starijih i iznemoglih osoba da dobiju podr\u0161ku koja im je neophodna.<\/p>\n\n\n\n<p>Socijalna pravda podrazumjeva da niko ne bude zaboravljen.<\/p>\n\n\n\n<p>Obezbjedimo &#8220;POMO\u0106 U KU\u0106I, NE NA PAPIRU&#8221;!!! <\/p>\n\n\n\n<p><a href=\"https:\/\/www.facebook.com\/praggbih?__cft__[0]=AZYByck-VE8x9xH9felQmMDq_DyqU2zUcCO0GrEHLxn3ovWldng-HLMBv6miEVemqKXNBo0nL0sIkhMT_bbnBSh5XLS9BXvCkHdLtxa3dGw0A0fvW-BZFxGCfQ_HVEijiIt8cQO0UIf4NA041EeFwyLnUh2SM_8R9GrqUWsl5QWEezm2wziHFY7Kln_ZcZJmbREw2gfVs0Sgb9mSXVpCJ0Xe&amp;__tn__=-]K-R\">PRAGG &#8211; Proaktivni gra\u0111ani i gra\u0111anke<\/a><\/p>\n\n\n\n<p><a href=\"https:\/\/www.facebook.com\/SwissEmbassySarajevo?__cft__[0]=AZYByck-VE8x9xH9felQmMDq_DyqU2zUcCO0GrEHLxn3ovWldng-HLMBv6miEVemqKXNBo0nL0sIkhMT_bbnBSh5XLS9BXvCkHdLtxa3dGw0A0fvW-BZFxGCfQ_HVEijiIt8cQO0UIf4NA041EeFwyLnUh2SM_8R9GrqUWsl5QWEezm2wziHFY7Kln_ZcZJmbREw2gfVs0Sgb9mSXVpCJ0Xe&amp;__tn__=-]K-R\">Ambasada \u0160vicarske u Bosni i Hercegovini<\/a><\/p>\n","protected":false},"excerpt":{"rendered":"<p>Da li stara i iznemogla lica imaju pravo na socijalnu pravdu? Pravo na dostojanstven \u017eivot, podr\u0161ku i njegu ne smije zavisiti od mjesta stanovanja ili finansijskih mogu\u0107nosti. O\u010dekujemo skore izmjene Pravilnika o ostvarivanju prava na pomo\u0107 i njegu u ku\u0107i koje \u0107e omogu\u0107iti ve\u0107em broju starijih i iznemoglih osoba da dobiju podr\u0161ku koja im je [&hellip;]<\/p>\n","protected":false},"author":1,"featured_media":0,"comment_status":"closed","ping_status":"closed","sticky":false,"template":"","format":"standard","meta":{"give_campaign_id":0,"footnotes":""},"categories":[33,31,15],"tags":[],"class_list":["post-6614","post","type-post","status-publish","format-standard","hentry","category-humanitarne-volonterske-i-edukativne-aktivnosti","category-trenutni-projekti","category-c35-vijesti"],"aioseo_notices":[],"_links":{"self":[{"href":"http:\/\/donprijedor.com\/index.php?rest_route=\/wp\/v2\/posts\/6614","targetHints":{"allow":["GET"]}}],"collection":[{"href":"http:\/\/donprijedor.com\/index.php?rest_route=\/wp\/v2\/posts"}],"about":[{"href":"http:\/\/donprijedor.com\/index.php?rest_route=\/wp\/v2\/types\/post"}],"author":[{"embeddable":true,"href":"http:\/\/donprijedor.com\/index.php?rest_route=\/wp\/v2\/users\/1"}],"replies":[{"embeddable":true,"href":"http:\/\/donprijedor.com\/index.php?rest_route=%2Fwp%2Fv2%2Fcomments&post=6614"}],"version-history":[{"count":1,"href":"http:\/\/donprijedor.com\/index.php?rest_route=\/wp\/v2\/posts\/6614\/revisions"}],"predecessor-version":[{"id":6615,"href":"http:\/\/donprijedor.com\/index.php?rest_route=\/wp\/v2\/posts\/6614\/revisions\/6615"}],"wp:attachment":[{"href":"http:\/\/donprijedor.com\/index.php?rest_route=%2Fwp%2Fv2%2Fmedia&parent=6614"}],"wp:term":[{"taxonomy":"category","embeddable":true,"href":"http:\/\/donprijedor.com\/index.php?rest_route=%2Fwp%2Fv2%2Fcategories&post=6614"},{"taxonomy":"post_tag","embeddable":true,"href":"http:\/\/donprijedor.com\/index.php?rest_route=%2Fwp%2Fv2%2Ftags&post=6614"}],"curies":[{"name":"wp","href":"https:\/\/api.w.org\/{rel}","templated":true}]}}