{"id":6256,"date":"2024-07-23T16:20:00","date_gmt":"2024-07-23T15:20:00","guid":{"rendered":"http:\/\/donprijedor.com\/?p=6256"},"modified":"2024-07-24T16:22:48","modified_gmt":"2024-07-24T15:22:48","slug":"press-konferencija-moje-mjesto-za-parking-saopstenje-za-javnost","status":"publish","type":"post","link":"https:\/\/donprijedor.com\/?p=6256","title":{"rendered":"PRESS konferencija &#8220;MOJE MJESTO ZA PARKING&#8221; &#8211; Saop\u0161tenje za javnost"},"content":{"rendered":"\n<p><\/p>\n\n\n\n<p>U Prijedoru je danas odr\u017eana konferencija za medije na kojoj je prezentova kampanja <a><\/a>prijedorskih udru\u017eenja &#8220;DON&#8221;, &#8220;Plavi balon&#8221;, &#8220;Neven&#8221; i &#8220;Udru\u017eenja paraplegi\u010dara grada Prijedora&#8221;, pod simboli\u010dnim nazivom &#8220;MOJE MJESTO ZA PARKING&#8221;.<\/p>\n\n\n\n<p>Saop\u0161tenje Vam prenosimo u cjelosti:<\/p>\n\n\n\n<!--more-->\n\n\n\n<p>Cilj kampanje, koju provode gore navedena Udru\u017eenja, je uskladiti lokalne propise u gradu Prijedoru sa zakonskim obavezama kada su u pitanju mjesta za parking osoba sa invaliditetom i sprije\u010diti zloupotrebe znaka pristupa\u010dnosti kojim se obilje\u017eava vozilo kojim upravlja osoba sa o\u0161te\u0107enim ekstremitetima ili kojim se prevozi osoba sa invaliditetom.<\/p>\n\n\n\n<p>Pokrenuli smo inicijativu za izmjene \u201cOdluke o bezbjednosti saobra\u0107aja na putevima grada Prijedora\u201c i \u201ePravilnika o uslovima, na\u010dinu kori\u0161\u0107enja, organizaciji i na\u010dinu naplate parkiranja na javnim parkirali\u0161tima, o uslovima i na\u010dinu premje\u0161tanja i blokiranja vozila, visini naknade za premje\u0161tanje, smje\u0161taj i deblokiranje vozila na podru\u010dju grada Prijedora\u201c. Izmjene se odnose na zakonom propisano horizontalno i vertikalno obilje\u017eavanje parking mjesta kako na javnim tako i na parkinzima ispred tr\u017enih centara, broj parking mjesta na javnim parkinzima te izricanje nov\u010dane kazne za nesavjesno parkiranje na parking mjestima obilje\u017eenim za lica sa invaliditetom.<\/p>\n\n\n\n<p>Tako\u0111e \u017eelimo skrenuti pa\u017enju javnosti da vozila kojim upravlja osoba sa o\u0161te\u0107enim ekstremitetima ili kojim se prevozi osoba sa invaliditetom moraju biti obilje\u017eena znakom pristupa\u010dnosti i samo takva vozila se mogu parkirati na ozna\u010dena parking mjesta za osobe sa invaliditetom. Dodatan problem ovoj populaciji predstavljaju la\u017eni znakovi pristupa\u010dnosti koji se kupuju i postavljaju u vidu naljepnica i sl. Napominjemo da znak pristupa\u010dnosti ima jasno definisan izgled i da ga izdaje samo nadle\u017eno Ministarstvo unutra\u0161njih poslova sa serijskim brojem, rokom va\u017eenja i registarskim tablicama vozila.<\/p>\n\n\n\n<p>Molimo javnost da ukoliko primjete zloupotrebe znaka pristupa\u010dnosti da iste prijave nadle\u017enom Ministarstvu unutra\u0161njih poslova.&#8221;<\/p>\n\n\n\n<p>Kampanja podr\u017eana u okviru:<\/p>\n\n\n\n<p><a href=\"https:\/\/www.facebook.com\/praggbih?__cft__[0]=AZVhB2NVZbKjOjpkhFwBnqSmE4XNwH9KZf2Bd-63Rje6VOO8-bRh3bGAAZyG2nS-1kGonduPAKbZoyGI_miOu9tGkVT9RoSndaEYttjU1W_vkSiRN0RdQ7mct97J1GEVOiUjxPwSoERK303v8p7xShL7-LPhhpq-92lOwmv9m5H7Kbnhx8EKApUffUWVTdpo_C35cJOq0xJz0fDjYxqK5pbIHg-pWPM6PtdKiRE_7Uz8xlcJzhpbfPVQQ5xAX6AbYF4&amp;__tn__=-]K-y-R\">PRAGG &#8211; Proaktivni gra\u0111ani i gra\u0111anke<\/a><\/p>\n\n\n\n<p><a href=\"https:\/\/www.facebook.com\/SwissEmbassySarajevo?__cft__[0]=AZVhB2NVZbKjOjpkhFwBnqSmE4XNwH9KZf2Bd-63Rje6VOO8-bRh3bGAAZyG2nS-1kGonduPAKbZoyGI_miOu9tGkVT9RoSndaEYttjU1W_vkSiRN0RdQ7mct97J1GEVOiUjxPwSoERK303v8p7xShL7-LPhhpq-92lOwmv9m5H7Kbnhx8EKApUffUWVTdpo_C35cJOq0xJz0fDjYxqK5pbIHg-pWPM6PtdKiRE_7Uz8xlcJzhpbfPVQQ5xAX6AbYF4&amp;__tn__=-]K-y-R\">Ambasada \u0160vicarske u Bosni i Hercegovini<\/a><\/p>\n\n\n\n<figure class=\"wp-block-gallery has-nested-images columns-default is-cropped wp-block-gallery-1 is-layout-flex wp-block-gallery-is-layout-flex\">\n<figure class=\"wp-block-image size-large\"><img fetchpriority=\"high\" decoding=\"async\" width=\"1024\" height=\"923\" data-id=\"6258\" src=\"http:\/\/donprijedor.com\/wp-content\/uploads\/2024\/07\/01-1024x923.jpg\" alt=\"\" class=\"wp-image-6258\" srcset=\"https:\/\/donprijedor.com\/wp-content\/uploads\/2024\/07\/01-1024x923.jpg 1024w, https:\/\/donprijedor.com\/wp-content\/uploads\/2024\/07\/01-300x270.jpg 300w, https:\/\/donprijedor.com\/wp-content\/uploads\/2024\/07\/01-768x692.jpg 768w, https:\/\/donprijedor.com\/wp-content\/uploads\/2024\/07\/01-1536x1384.jpg 1536w, https:\/\/donprijedor.com\/wp-content\/uploads\/2024\/07\/01.jpg 2048w\" sizes=\"(max-width: 1024px) 100vw, 1024px\" \/><\/figure>\n\n\n\n<figure class=\"wp-block-image size-large\"><img decoding=\"async\" width=\"1024\" height=\"831\" data-id=\"6257\" src=\"http:\/\/donprijedor.com\/wp-content\/uploads\/2024\/07\/02-1024x831.jpg\" alt=\"\" class=\"wp-image-6257\" srcset=\"https:\/\/donprijedor.com\/wp-content\/uploads\/2024\/07\/02-1024x831.jpg 1024w, https:\/\/donprijedor.com\/wp-content\/uploads\/2024\/07\/02-300x243.jpg 300w, https:\/\/donprijedor.com\/wp-content\/uploads\/2024\/07\/02-768x623.jpg 768w, https:\/\/donprijedor.com\/wp-content\/uploads\/2024\/07\/02-1536x1246.jpg 1536w, https:\/\/donprijedor.com\/wp-content\/uploads\/2024\/07\/02.jpg 2048w\" sizes=\"(max-width: 1024px) 100vw, 1024px\" \/><\/figure>\n\n\n\n<figure class=\"wp-block-image size-large\"><img decoding=\"async\" width=\"1024\" height=\"768\" data-id=\"6259\" src=\"http:\/\/donprijedor.com\/wp-content\/uploads\/2024\/07\/03-1024x768.jpg\" alt=\"\" class=\"wp-image-6259\" srcset=\"https:\/\/donprijedor.com\/wp-content\/uploads\/2024\/07\/03-1024x768.jpg 1024w, https:\/\/donprijedor.com\/wp-content\/uploads\/2024\/07\/03-300x225.jpg 300w, https:\/\/donprijedor.com\/wp-content\/uploads\/2024\/07\/03-768x576.jpg 768w, https:\/\/donprijedor.com\/wp-content\/uploads\/2024\/07\/03-1536x1152.jpg 1536w, https:\/\/donprijedor.com\/wp-content\/uploads\/2024\/07\/03-320x240.jpg 320w, https:\/\/donprijedor.com\/wp-content\/uploads\/2024\/07\/03.jpg 2048w\" sizes=\"(max-width: 1024px) 100vw, 1024px\" \/><\/figure>\n<\/figure>\n","protected":false},"excerpt":{"rendered":"<p>U Prijedoru je danas odr\u017eana konferencija za medije na kojoj je prezentova kampanja prijedorskih udru\u017eenja &#8220;DON&#8221;, &#8220;Plavi balon&#8221;, &#8220;Neven&#8221; i &#8220;Udru\u017eenja paraplegi\u010dara grada Prijedora&#8221;, pod simboli\u010dnim nazivom &#8220;MOJE MJESTO ZA PARKING&#8221;. Saop\u0161tenje Vam prenosimo u cjelosti:<\/p>\n","protected":false},"author":1,"featured_media":6259,"comment_status":"closed","ping_status":"closed","sticky":false,"template":"","format":"standard","meta":{"give_campaign_id":0,"footnotes":""},"categories":[35,31,15],"tags":[],"class_list":["post-6256","post","type-post","status-publish","format-standard","has-post-thumbnail","hentry","category-rad-na-gradenju-zajednica","category-trenutni-projekti","category-c35-vijesti"],"aioseo_notices":[],"_links":{"self":[{"href":"https:\/\/donprijedor.com\/index.php?rest_route=\/wp\/v2\/posts\/6256","targetHints":{"allow":["GET"]}}],"collection":[{"href":"https:\/\/donprijedor.com\/index.php?rest_route=\/wp\/v2\/posts"}],"about":[{"href":"https:\/\/donprijedor.com\/index.php?rest_route=\/wp\/v2\/types\/post"}],"author":[{"embeddable":true,"href":"https:\/\/donprijedor.com\/index.php?rest_route=\/wp\/v2\/users\/1"}],"replies":[{"embeddable":true,"href":"https:\/\/donprijedor.com\/index.php?rest_route=%2Fwp%2Fv2%2Fcomments&post=6256"}],"version-history":[{"count":1,"href":"https:\/\/donprijedor.com\/index.php?rest_route=\/wp\/v2\/posts\/6256\/revisions"}],"predecessor-version":[{"id":6260,"href":"https:\/\/donprijedor.com\/index.php?rest_route=\/wp\/v2\/posts\/6256\/revisions\/6260"}],"wp:featuredmedia":[{"embeddable":true,"href":"https:\/\/donprijedor.com\/index.php?rest_route=\/wp\/v2\/media\/6259"}],"wp:attachment":[{"href":"https:\/\/donprijedor.com\/index.php?rest_route=%2Fwp%2Fv2%2Fmedia&parent=6256"}],"wp:term":[{"taxonomy":"category","embeddable":true,"href":"https:\/\/donprijedor.com\/index.php?rest_route=%2Fwp%2Fv2%2Fcategories&post=6256"},{"taxonomy":"post_tag","embeddable":true,"href":"https:\/\/donprijedor.com\/index.php?rest_route=%2Fwp%2Fv2%2Ftags&post=6256"}],"curies":[{"name":"wp","href":"https:\/\/api.w.org\/{rel}","templated":true}]}}