{"id":6514,"date":"2025-08-11T07:21:48","date_gmt":"2025-08-11T06:21:48","guid":{"rendered":"https:\/\/donprijedor.com\/?p=6514"},"modified":"2025-08-29T07:23:23","modified_gmt":"2025-08-29T06:23:23","slug":"poziv-za-ucesce-na-akademiji-za-fer-izbore","status":"publish","type":"post","link":"https:\/\/donprijedor.com\/?p=6514","title":{"rendered":"POZIV ZA U\u010cE\u0160\u0106E NA AKADEMIJI ZA FER IZBORE"},"content":{"rendered":"\n<p><\/p>\n\n\n\n<p><a><\/a>Po\u0161tovani\/a,<\/p>\n\n\n\n<p>sa velikim zadovoljstvom Vas pozivamo da u\u010destvujete na drugoj po redu Akademiji za fer izbore, edukativno-informativnom programu posve\u0107enom ja\u010danju znanja o izbornom procesu u Bosni i Hercegovini i za\u0161titi izborne volje gra\u0111ana i gra\u0111anki.<\/p>\n\n\n\n<p>Za\u0161to u\u010destvovati? Akademija je jedinstvena prilika da: nau\u010dite klju\u010dne informacije o izbornom procesu u BiH i glasanju, prepoznate i reagujete na izborne nepravilnosti, u\u010destvujete u interaktivnim radionicama i diskusijama, postanete aktivista\/ica i u\u010destvujete u nadolaze\u0107im aktivnostima Koalicije \u201ePod lupom\u201c i njenih organizacija \u010dlanica i dobijete certifikat koji potvr\u0111uje Va\u0161e ste\u010deno znanje.<\/p>\n\n\n\n<!--more-->\n\n\n\n<p>Vrijeme i lokacija odr\u017eavanja Akademije za fer izbore<\/p>\n\n\n\n<p>Datum: 15.08.2025.<\/p>\n\n\n\n<p>Lokacija: Nove prostorije Omladinskog centra Prijedor u naselju Pe\u0107ani.<\/p>\n\n\n\n<p>Vrijeme po\u010detka: 11h<\/p>\n\n\n\n<p>Va\u0161e prisustvo je va\u017eno jer svaki pojedinac mo\u017ee dati doprinos fer i slobodnim izborima!<\/p>\n\n\n\n<p>Molimo Vas da potvrdite svoje prisustvo Sr\u0111anu Mastikosi putem maila mastikosas07@gmail.com ili telefona 066\/787-508<\/p>\n\n\n\n<p>Radujemo se Va\u0161em dolasku!<\/p>\n\n\n\n<p>Za sva dodatna pitanja, stojimo Vam na raspolaganju.<\/p>\n","protected":false},"excerpt":{"rendered":"<p>Po\u0161tovani\/a, sa velikim zadovoljstvom Vas pozivamo da u\u010destvujete na drugoj po redu Akademiji za fer izbore, edukativno-informativnom programu posve\u0107enom ja\u010danju znanja o izbornom procesu u Bosni i Hercegovini i za\u0161titi izborne volje gra\u0111ana i gra\u0111anki. Za\u0161to u\u010destvovati? Akademija je jedinstvena prilika da: nau\u010dite klju\u010dne informacije o izbornom procesu u BiH i glasanju, prepoznate i reagujete [&hellip;]<\/p>\n","protected":false},"author":1,"featured_media":6515,"comment_status":"closed","ping_status":"closed","sticky":false,"template":"","format":"standard","meta":{"give_campaign_id":0,"footnotes":""},"categories":[37,31,15],"tags":[],"class_list":["post-6514","post","type-post","status-publish","format-standard","has-post-thumbnail","hentry","category-rad-na-pracenju-izbornog-procesa","category-trenutni-projekti","category-c35-vijesti"],"aioseo_notices":[],"_links":{"self":[{"href":"https:\/\/donprijedor.com\/index.php?rest_route=\/wp\/v2\/posts\/6514","targetHints":{"allow":["GET"]}}],"collection":[{"href":"https:\/\/donprijedor.com\/index.php?rest_route=\/wp\/v2\/posts"}],"about":[{"href":"https:\/\/donprijedor.com\/index.php?rest_route=\/wp\/v2\/types\/post"}],"author":[{"embeddable":true,"href":"https:\/\/donprijedor.com\/index.php?rest_route=\/wp\/v2\/users\/1"}],"replies":[{"embeddable":true,"href":"https:\/\/donprijedor.com\/index.php?rest_route=%2Fwp%2Fv2%2Fcomments&post=6514"}],"version-history":[{"count":1,"href":"https:\/\/donprijedor.com\/index.php?rest_route=\/wp\/v2\/posts\/6514\/revisions"}],"predecessor-version":[{"id":6516,"href":"https:\/\/donprijedor.com\/index.php?rest_route=\/wp\/v2\/posts\/6514\/revisions\/6516"}],"wp:featuredmedia":[{"embeddable":true,"href":"https:\/\/donprijedor.com\/index.php?rest_route=\/wp\/v2\/media\/6515"}],"wp:attachment":[{"href":"https:\/\/donprijedor.com\/index.php?rest_route=%2Fwp%2Fv2%2Fmedia&parent=6514"}],"wp:term":[{"taxonomy":"category","embeddable":true,"href":"https:\/\/donprijedor.com\/index.php?rest_route=%2Fwp%2Fv2%2Fcategories&post=6514"},{"taxonomy":"post_tag","embeddable":true,"href":"https:\/\/donprijedor.com\/index.php?rest_route=%2Fwp%2Fv2%2Ftags&post=6514"}],"curies":[{"name":"wp","href":"https:\/\/api.w.org\/{rel}","templated":true}]}}