{"id":6517,"date":"2025-08-14T07:23:45","date_gmt":"2025-08-14T06:23:45","guid":{"rendered":"https:\/\/donprijedor.com\/?p=6517"},"modified":"2025-08-29T07:25:04","modified_gmt":"2025-08-29T06:25:04","slug":"pomoc-u-kuci-ne-na-papiru-2","status":"publish","type":"post","link":"https:\/\/donprijedor.com\/?p=6517","title":{"rendered":"&#8220;Pomo\u0107 u ku\u0107i, ne na papiru&#8221;"},"content":{"rendered":"\n<p><\/p>\n\n\n\n<p>U gradu Prijedoru u saradnji sa Centrom za socijalni rad kre\u0107emo sa uslugom Pomo\u0107 i njega u ku\u0107i ali je va\u017eno da <a><\/a>i ostali gradovi i op\u0161tine pokrenu ovu uslugu kao i da se izmjeni Pravilnik o ostvarivanju prava na pomo\u0107 i njegu u ku\u0107i da bi \u0161to ve\u0107i broj onih koji su u potrebi ostvario ovo osnovno socijalno pravo.<\/p>\n\n\n\n<p><a href=\"https:\/\/www.facebook.com\/watch\/?v=1614225079541592\">https:\/\/www.facebook.com\/watch\/?v=1614225079541592<\/a><\/p>\n\n\n\n<!--more-->\n\n\n\n<p><a href=\"https:\/\/www.facebook.com\/praggbih?__cft__[0]=AZWfaKfmVz8J71nItMU7J1xAUXlpxYa1hEflfxWHkrr9Ujla73qxwzvw2v5wMe91XbUFH7EiGg1ZJfLBz_Mwn8dkpSBQr4QqNLt_fomgIASx3xQFTf1Z0ihzb-9mKLtHgqYdBgLzciSsgEVpWxHFkyIRbvAr6GiBGu98-u1473J27rMyKA9KdWXZi8Mus-2mOkx4LHZlYHtvHVW-5JmMDxpL&amp;__tn__=-]K-R\">PRAGG &#8211; Proaktivni gra\u0111ani i gra\u0111anke<\/a><\/p>\n\n\n\n<p><a href=\"https:\/\/www.facebook.com\/SwissEmbassySarajevo?__cft__[0]=AZWfaKfmVz8J71nItMU7J1xAUXlpxYa1hEflfxWHkrr9Ujla73qxwzvw2v5wMe91XbUFH7EiGg1ZJfLBz_Mwn8dkpSBQr4QqNLt_fomgIASx3xQFTf1Z0ihzb-9mKLtHgqYdBgLzciSsgEVpWxHFkyIRbvAr6GiBGu98-u1473J27rMyKA9KdWXZi8Mus-2mOkx4LHZlYHtvHVW-5JmMDxpL&amp;__tn__=-]K-R\">Ambasada \u0160vicarske u Bosni i Hercegovini<\/a><\/p>\n","protected":false},"excerpt":{"rendered":"<p>U gradu Prijedoru u saradnji sa Centrom za socijalni rad kre\u0107emo sa uslugom Pomo\u0107 i njega u ku\u0107i ali je va\u017eno da i ostali gradovi i op\u0161tine pokrenu ovu uslugu kao i da se izmjeni Pravilnik o ostvarivanju prava na pomo\u0107 i njegu u ku\u0107i da bi \u0161to ve\u0107i broj onih koji su u potrebi [&hellip;]<\/p>\n","protected":false},"author":1,"featured_media":6494,"comment_status":"closed","ping_status":"closed","sticky":false,"template":"","format":"standard","meta":{"give_campaign_id":0,"footnotes":""},"categories":[35,31,15],"tags":[],"class_list":["post-6517","post","type-post","status-publish","format-standard","has-post-thumbnail","hentry","category-rad-na-gradenju-zajednica","category-trenutni-projekti","category-c35-vijesti"],"aioseo_notices":[],"_links":{"self":[{"href":"https:\/\/donprijedor.com\/index.php?rest_route=\/wp\/v2\/posts\/6517","targetHints":{"allow":["GET"]}}],"collection":[{"href":"https:\/\/donprijedor.com\/index.php?rest_route=\/wp\/v2\/posts"}],"about":[{"href":"https:\/\/donprijedor.com\/index.php?rest_route=\/wp\/v2\/types\/post"}],"author":[{"embeddable":true,"href":"https:\/\/donprijedor.com\/index.php?rest_route=\/wp\/v2\/users\/1"}],"replies":[{"embeddable":true,"href":"https:\/\/donprijedor.com\/index.php?rest_route=%2Fwp%2Fv2%2Fcomments&post=6517"}],"version-history":[{"count":1,"href":"https:\/\/donprijedor.com\/index.php?rest_route=\/wp\/v2\/posts\/6517\/revisions"}],"predecessor-version":[{"id":6518,"href":"https:\/\/donprijedor.com\/index.php?rest_route=\/wp\/v2\/posts\/6517\/revisions\/6518"}],"wp:featuredmedia":[{"embeddable":true,"href":"https:\/\/donprijedor.com\/index.php?rest_route=\/wp\/v2\/media\/6494"}],"wp:attachment":[{"href":"https:\/\/donprijedor.com\/index.php?rest_route=%2Fwp%2Fv2%2Fmedia&parent=6517"}],"wp:term":[{"taxonomy":"category","embeddable":true,"href":"https:\/\/donprijedor.com\/index.php?rest_route=%2Fwp%2Fv2%2Fcategories&post=6517"},{"taxonomy":"post_tag","embeddable":true,"href":"https:\/\/donprijedor.com\/index.php?rest_route=%2Fwp%2Fv2%2Ftags&post=6517"}],"curies":[{"name":"wp","href":"https:\/\/api.w.org\/{rel}","templated":true}]}}