{"id":6521,"date":"2025-08-15T07:27:15","date_gmt":"2025-08-15T06:27:15","guid":{"rendered":"https:\/\/donprijedor.com\/?p=6521"},"modified":"2025-08-29T07:29:44","modified_gmt":"2025-08-29T06:29:44","slug":"druga-po-redu-akademija-za-fer-izbore-u-prijedoru","status":"publish","type":"post","link":"https:\/\/donprijedor.com\/?p=6521","title":{"rendered":"Druga po redu Akademija za fer izbore u Prijedoru"},"content":{"rendered":"\n<p>Organizovali smo kao \u010dlanica Koalicije za slobodne i po\u0161tene izbore &#8220;Pod lupom&#8221; drugu po redu Akademiju za fer izbore u Prijedoru. <a><\/a>Polaznici\/ice su imali priliku u\u010diti o izbornom procesu, nepravilnostima i na\u010dinima njihovog prijavljivanja.<\/p>\n\n\n\n<p>Prati nas i ne propusti naredni ciklus izborne \u0161kole \u201eAkademija za fer izbore\u201c !<\/p>\n\n\n\n<!--more-->\n\n\n\n<p><a href=\"https:\/\/www.facebook.com\/koalicijapodlupom?__cft__[0]=AZXqrWfhtHQCJDnE0Q73Yoi2UKyWiaJW3KakJOb5iGNt7KFM-c_IMgFT7azyAUkxYLc_9_X1NXJm_bO1mUP5S8Iy1bqISz1GglER93UlmVwlz4nvHzRbPx8BR12wz4BG2xRUhqYJuDAbrrta7S9LYfYNOgMHWJVApCtOa3WfleOZBrrgRprjzvvDq5pPSZ6m140&amp;__tn__=-]K-R\">Koalicija &#8220;Pod lupom&#8221;<\/a><\/p>\n\n\n\n<p><a href=\"https:\/\/www.facebook.com\/europa.ba?__cft__[0]=AZXqrWfhtHQCJDnE0Q73Yoi2UKyWiaJW3KakJOb5iGNt7KFM-c_IMgFT7azyAUkxYLc_9_X1NXJm_bO1mUP5S8Iy1bqISz1GglER93UlmVwlz4nvHzRbPx8BR12wz4BG2xRUhqYJuDAbrrta7S9LYfYNOgMHWJVApCtOa3WfleOZBrrgRprjzvvDq5pPSZ6m140&amp;__tn__=-]K-R\">Evropska unija u Bosni i Hercegovini<\/a><\/p>\n\n\n\n<p><a href=\"https:\/\/www.facebook.com\/france.bosnie?__cft__[0]=AZXqrWfhtHQCJDnE0Q73Yoi2UKyWiaJW3KakJOb5iGNt7KFM-c_IMgFT7azyAUkxYLc_9_X1NXJm_bO1mUP5S8Iy1bqISz1GglER93UlmVwlz4nvHzRbPx8BR12wz4BG2xRUhqYJuDAbrrta7S9LYfYNOgMHWJVApCtOa3WfleOZBrrgRprjzvvDq5pPSZ6m140&amp;__tn__=-]K-R\">Ambassade de France en Bosnie-Herz\u00e9govine \/ Francuska ambasada u BiH<\/a><\/p>\n\n\n\n<p><a href=\"https:\/\/www.facebook.com\/EmbassyOfSwedenInSarajevo?__cft__[0]=AZXqrWfhtHQCJDnE0Q73Yoi2UKyWiaJW3KakJOb5iGNt7KFM-c_IMgFT7azyAUkxYLc_9_X1NXJm_bO1mUP5S8Iy1bqISz1GglER93UlmVwlz4nvHzRbPx8BR12wz4BG2xRUhqYJuDAbrrta7S9LYfYNOgMHWJVApCtOa3WfleOZBrrgRprjzvvDq5pPSZ6m140&amp;__tn__=-]K-R\">Embassy of Sweden in Sarajevo<\/a><\/p>\n\n\n\n<p><a href=\"https:\/\/www.facebook.com\/hashtag\/koalicijapodlupom?__eep__=6&amp;__cft__[0]=AZXqrWfhtHQCJDnE0Q73Yoi2UKyWiaJW3KakJOb5iGNt7KFM-c_IMgFT7azyAUkxYLc_9_X1NXJm_bO1mUP5S8Iy1bqISz1GglER93UlmVwlz4nvHzRbPx8BR12wz4BG2xRUhqYJuDAbrrta7S9LYfYNOgMHWJVApCtOa3WfleOZBrrgRprjzvvDq5pPSZ6m140&amp;__tn__=*NK-R\">#koalicijapodlupom<\/a><a href=\"https:\/\/www.facebook.com\/hashtag\/podlupom?__eep__=6&amp;__cft__[0]=AZXqrWfhtHQCJDnE0Q73Yoi2UKyWiaJW3KakJOb5iGNt7KFM-c_IMgFT7azyAUkxYLc_9_X1NXJm_bO1mUP5S8Iy1bqISz1GglER93UlmVwlz4nvHzRbPx8BR12wz4BG2xRUhqYJuDAbrrta7S9LYfYNOgMHWJVApCtOa3WfleOZBrrgRprjzvvDq5pPSZ6m140&amp;__tn__=*NK-R\">#podlupom<\/a><a href=\"https:\/\/www.facebook.com\/hashtag\/udru%C5%BEenjedon?__eep__=6&amp;__cft__[0]=AZXqrWfhtHQCJDnE0Q73Yoi2UKyWiaJW3KakJOb5iGNt7KFM-c_IMgFT7azyAUkxYLc_9_X1NXJm_bO1mUP5S8Iy1bqISz1GglER93UlmVwlz4nvHzRbPx8BR12wz4BG2xRUhqYJuDAbrrta7S9LYfYNOgMHWJVApCtOa3WfleOZBrrgRprjzvvDq5pPSZ6m140&amp;__tn__=*NK-R\">#udru\u017eenjedon<\/a><a href=\"https:\/\/www.facebook.com\/hashtag\/izboriubih?__eep__=6&amp;__cft__[0]=AZXqrWfhtHQCJDnE0Q73Yoi2UKyWiaJW3KakJOb5iGNt7KFM-c_IMgFT7azyAUkxYLc_9_X1NXJm_bO1mUP5S8Iy1bqISz1GglER93UlmVwlz4nvHzRbPx8BR12wz4BG2xRUhqYJuDAbrrta7S9LYfYNOgMHWJVApCtOa3WfleOZBrrgRprjzvvDq5pPSZ6m140&amp;__tn__=*NK-R\">#izboriuBiH<\/a><a href=\"https:\/\/www.facebook.com\/hashtag\/eubih?__eep__=6&amp;__cft__[0]=AZXqrWfhtHQCJDnE0Q73Yoi2UKyWiaJW3KakJOb5iGNt7KFM-c_IMgFT7azyAUkxYLc_9_X1NXJm_bO1mUP5S8Iy1bqISz1GglER93UlmVwlz4nvHzRbPx8BR12wz4BG2xRUhqYJuDAbrrta7S9LYfYNOgMHWJVApCtOa3WfleOZBrrgRprjzvvDq5pPSZ6m140&amp;__tn__=*NK-R\">#eubih<\/a><a href=\"https:\/\/www.facebook.com\/hashtag\/francuskaubih?__eep__=6&amp;__cft__[0]=AZXqrWfhtHQCJDnE0Q73Yoi2UKyWiaJW3KakJOb5iGNt7KFM-c_IMgFT7azyAUkxYLc_9_X1NXJm_bO1mUP5S8Iy1bqISz1GglER93UlmVwlz4nvHzRbPx8BR12wz4BG2xRUhqYJuDAbrrta7S9LYfYNOgMHWJVApCtOa3WfleOZBrrgRprjzvvDq5pPSZ6m140&amp;__tn__=*NK-R\">#francuskaubih<\/a><a href=\"https:\/\/www.facebook.com\/hashtag\/swedenubih?__eep__=6&amp;__cft__[0]=AZXqrWfhtHQCJDnE0Q73Yoi2UKyWiaJW3KakJOb5iGNt7KFM-c_IMgFT7azyAUkxYLc_9_X1NXJm_bO1mUP5S8Iy1bqISz1GglER93UlmVwlz4nvHzRbPx8BR12wz4BG2xRUhqYJuDAbrrta7S9LYfYNOgMHWJVApCtOa3WfleOZBrrgRprjzvvDq5pPSZ6m140&amp;__tn__=*NK-R\">#swedenubih<\/a><\/p>\n\n\n\n<figure class=\"wp-block-gallery has-nested-images columns-default is-cropped wp-block-gallery-1 is-layout-flex wp-block-gallery-is-layout-flex\">\n<figure class=\"wp-block-image size-large\"><img loading=\"lazy\" decoding=\"async\" width=\"1024\" height=\"768\" data-id=\"6522\" src=\"https:\/\/donprijedor.com\/wp-content\/uploads\/2025\/08\/1-4-1024x768.jpg\" alt=\"\" class=\"wp-image-6522\" srcset=\"https:\/\/donprijedor.com\/wp-content\/uploads\/2025\/08\/1-4-1024x768.jpg 1024w, https:\/\/donprijedor.com\/wp-content\/uploads\/2025\/08\/1-4-300x225.jpg 300w, https:\/\/donprijedor.com\/wp-content\/uploads\/2025\/08\/1-4-768x576.jpg 768w, https:\/\/donprijedor.com\/wp-content\/uploads\/2025\/08\/1-4-1536x1152.jpg 1536w, https:\/\/donprijedor.com\/wp-content\/uploads\/2025\/08\/1-4-320x240.jpg 320w, https:\/\/donprijedor.com\/wp-content\/uploads\/2025\/08\/1-4.jpg 1800w\" sizes=\"auto, (max-width: 1024px) 100vw, 1024px\" \/><\/figure>\n\n\n\n<figure class=\"wp-block-image size-large\"><img loading=\"lazy\" decoding=\"async\" width=\"1024\" height=\"768\" data-id=\"6524\" src=\"https:\/\/donprijedor.com\/wp-content\/uploads\/2025\/08\/2-3-1024x768.jpg\" alt=\"\" class=\"wp-image-6524\" srcset=\"https:\/\/donprijedor.com\/wp-content\/uploads\/2025\/08\/2-3-1024x768.jpg 1024w, https:\/\/donprijedor.com\/wp-content\/uploads\/2025\/08\/2-3-300x225.jpg 300w, https:\/\/donprijedor.com\/wp-content\/uploads\/2025\/08\/2-3-768x576.jpg 768w, https:\/\/donprijedor.com\/wp-content\/uploads\/2025\/08\/2-3-1536x1152.jpg 1536w, https:\/\/donprijedor.com\/wp-content\/uploads\/2025\/08\/2-3-320x240.jpg 320w, https:\/\/donprijedor.com\/wp-content\/uploads\/2025\/08\/2-3.jpg 1800w\" sizes=\"auto, (max-width: 1024px) 100vw, 1024px\" \/><\/figure>\n\n\n\n<figure class=\"wp-block-image size-medium\"><img loading=\"lazy\" decoding=\"async\" width=\"300\" height=\"225\" data-id=\"6523\" src=\"https:\/\/donprijedor.com\/wp-content\/uploads\/2025\/08\/3-2-300x225.jpg\" alt=\"\" class=\"wp-image-6523\" srcset=\"https:\/\/donprijedor.com\/wp-content\/uploads\/2025\/08\/3-2-300x225.jpg 300w, https:\/\/donprijedor.com\/wp-content\/uploads\/2025\/08\/3-2-1024x768.jpg 1024w, https:\/\/donprijedor.com\/wp-content\/uploads\/2025\/08\/3-2-768x576.jpg 768w, https:\/\/donprijedor.com\/wp-content\/uploads\/2025\/08\/3-2-1536x1152.jpg 1536w, https:\/\/donprijedor.com\/wp-content\/uploads\/2025\/08\/3-2-320x240.jpg 320w, https:\/\/donprijedor.com\/wp-content\/uploads\/2025\/08\/3-2.jpg 1800w\" sizes=\"auto, (max-width: 300px) 100vw, 300px\" \/><\/figure>\n\n\n\n<figure class=\"wp-block-image size-large\"><img loading=\"lazy\" decoding=\"async\" width=\"1024\" height=\"768\" data-id=\"6525\" src=\"https:\/\/donprijedor.com\/wp-content\/uploads\/2025\/08\/4-1-1024x768.jpg\" alt=\"\" class=\"wp-image-6525\" srcset=\"https:\/\/donprijedor.com\/wp-content\/uploads\/2025\/08\/4-1-1024x768.jpg 1024w, https:\/\/donprijedor.com\/wp-content\/uploads\/2025\/08\/4-1-300x225.jpg 300w, https:\/\/donprijedor.com\/wp-content\/uploads\/2025\/08\/4-1-768x576.jpg 768w, https:\/\/donprijedor.com\/wp-content\/uploads\/2025\/08\/4-1-1536x1152.jpg 1536w, https:\/\/donprijedor.com\/wp-content\/uploads\/2025\/08\/4-1-320x240.jpg 320w, https:\/\/donprijedor.com\/wp-content\/uploads\/2025\/08\/4-1.jpg 1800w\" sizes=\"auto, (max-width: 1024px) 100vw, 1024px\" \/><\/figure>\n<\/figure>\n","protected":false},"excerpt":{"rendered":"<p>Organizovali smo kao \u010dlanica Koalicije za slobodne i po\u0161tene izbore &#8220;Pod lupom&#8221; drugu po redu Akademiju za fer izbore u Prijedoru. Polaznici\/ice su imali priliku u\u010diti o izbornom procesu, nepravilnostima i na\u010dinima njihovog prijavljivanja. Prati nas i ne propusti naredni ciklus izborne \u0161kole \u201eAkademija za fer izbore\u201c !<\/p>\n<a class=\"more-link\" rel=\"nofollow\" href=\"https:\/\/donprijedor.com\/?p=6521\">[Detaljnije...]<\/a>","protected":false},"author":1,"featured_media":6525,"comment_status":"closed","ping_status":"closed","sticky":false,"template":"","format":"standard","meta":{"footnotes":""},"categories":[37,31,15],"tags":[],"class_list":["post-6521","post","type-post","status-publish","format-standard","has-post-thumbnail","hentry","category-rad-na-pracenju-izbornog-procesa","category-trenutni-projekti","category-c35-vijesti"],"_links":{"self":[{"href":"https:\/\/donprijedor.com\/index.php?rest_route=\/wp\/v2\/posts\/6521","targetHints":{"allow":["GET"]}}],"collection":[{"href":"https:\/\/donprijedor.com\/index.php?rest_route=\/wp\/v2\/posts"}],"about":[{"href":"https:\/\/donprijedor.com\/index.php?rest_route=\/wp\/v2\/types\/post"}],"author":[{"embeddable":true,"href":"https:\/\/donprijedor.com\/index.php?rest_route=\/wp\/v2\/users\/1"}],"replies":[{"embeddable":true,"href":"https:\/\/donprijedor.com\/index.php?rest_route=%2Fwp%2Fv2%2Fcomments&post=6521"}],"version-history":[{"count":1,"href":"https:\/\/donprijedor.com\/index.php?rest_route=\/wp\/v2\/posts\/6521\/revisions"}],"predecessor-version":[{"id":6526,"href":"https:\/\/donprijedor.com\/index.php?rest_route=\/wp\/v2\/posts\/6521\/revisions\/6526"}],"wp:featuredmedia":[{"embeddable":true,"href":"https:\/\/donprijedor.com\/index.php?rest_route=\/wp\/v2\/media\/6525"}],"wp:attachment":[{"href":"https:\/\/donprijedor.com\/index.php?rest_route=%2Fwp%2Fv2%2Fmedia&parent=6521"}],"wp:term":[{"taxonomy":"category","embeddable":true,"href":"https:\/\/donprijedor.com\/index.php?rest_route=%2Fwp%2Fv2%2Fcategories&post=6521"},{"taxonomy":"post_tag","embeddable":true,"href":"https:\/\/donprijedor.com\/index.php?rest_route=%2Fwp%2Fv2%2Ftags&post=6521"}],"curies":[{"name":"wp","href":"https:\/\/api.w.org\/{rel}","templated":true}]}}