{"id":6530,"date":"2025-08-29T12:51:00","date_gmt":"2025-08-29T11:51:00","guid":{"rendered":"https:\/\/donprijedor.com\/?p=6530"},"modified":"2025-09-24T12:53:25","modified_gmt":"2025-09-24T11:53:25","slug":"treca-akademija-za-fer-izbore-u-prijedoru","status":"publish","type":"post","link":"https:\/\/donprijedor.com\/?p=6530","title":{"rendered":"Tre\u0107a Akademija za fer izbore u Prijedoru"},"content":{"rendered":"\n<p>Kao \u010dlanica Koalicije za slobodne i po\u0161tene izbore &#8220;Pod lupom&#8221; organizovali smo tre\u0107u po redu Akademiju za fer izbore u Prijedoru. <a><\/a>Polaznici\/ice su imali priliku u\u010diti o izbornom procesu, nepravilnostima i na\u010dinima njihovog prijavljivanja.<\/p>\n\n\n\n<!--more-->\n\n\n\n<p>Prati nas i ne propusti naredni ciklus izborne \u0161kole \u201eAkademija za fer izbore\u201c !<\/p>\n\n\n\n<p><a href=\"https:\/\/www.facebook.com\/koalicijapodlupom?__cft__[0]=AZU8Is8QfT3rHVhEoRWNAk8XgCCC_512_3_02MYTi8PWGwATJLbgn_jePHOO6JJIw9Gmcdhu66oW9Zyux2AjYnypNmEh-VTR6kY4X9kSOLxKoVYEYpl6z99MwumNXNhaEfS8ZsREEyNu44mdrgC_cS5F57er5Tjx5adPy9fEX3QyxtX8qclv570vyL5rCGakPQU&amp;__tn__=-]K-R\">Koalicija &#8220;Pod lupom&#8221;<\/a><\/p>\n\n\n\n<p><a href=\"https:\/\/www.facebook.com\/europa.ba?__cft__[0]=AZU8Is8QfT3rHVhEoRWNAk8XgCCC_512_3_02MYTi8PWGwATJLbgn_jePHOO6JJIw9Gmcdhu66oW9Zyux2AjYnypNmEh-VTR6kY4X9kSOLxKoVYEYpl6z99MwumNXNhaEfS8ZsREEyNu44mdrgC_cS5F57er5Tjx5adPy9fEX3QyxtX8qclv570vyL5rCGakPQU&amp;__tn__=-]K-R\">Evropska unija u Bosni i Hercegovini<\/a><\/p>\n\n\n\n<p><a href=\"https:\/\/www.facebook.com\/france.bosnie?__cft__[0]=AZU8Is8QfT3rHVhEoRWNAk8XgCCC_512_3_02MYTi8PWGwATJLbgn_jePHOO6JJIw9Gmcdhu66oW9Zyux2AjYnypNmEh-VTR6kY4X9kSOLxKoVYEYpl6z99MwumNXNhaEfS8ZsREEyNu44mdrgC_cS5F57er5Tjx5adPy9fEX3QyxtX8qclv570vyL5rCGakPQU&amp;__tn__=-]K-R\">Ambassade de France en Bosnie-Herz\u00e9govine \/ Francuska ambasada u BiH<\/a><\/p>\n\n\n\n<p><a href=\"https:\/\/www.facebook.com\/EmbassyOfSwedenInSarajevo?__cft__[0]=AZU8Is8QfT3rHVhEoRWNAk8XgCCC_512_3_02MYTi8PWGwATJLbgn_jePHOO6JJIw9Gmcdhu66oW9Zyux2AjYnypNmEh-VTR6kY4X9kSOLxKoVYEYpl6z99MwumNXNhaEfS8ZsREEyNu44mdrgC_cS5F57er5Tjx5adPy9fEX3QyxtX8qclv570vyL5rCGakPQU&amp;__tn__=-]K-R\">Embassy of Sweden in Sarajevo<\/a><\/p>\n\n\n\n<p><a href=\"https:\/\/www.facebook.com\/hashtag\/koalicijapodlupom?__eep__=6&amp;__cft__[0]=AZU8Is8QfT3rHVhEoRWNAk8XgCCC_512_3_02MYTi8PWGwATJLbgn_jePHOO6JJIw9Gmcdhu66oW9Zyux2AjYnypNmEh-VTR6kY4X9kSOLxKoVYEYpl6z99MwumNXNhaEfS8ZsREEyNu44mdrgC_cS5F57er5Tjx5adPy9fEX3QyxtX8qclv570vyL5rCGakPQU&amp;__tn__=*NK-R\">#koalicijapodlupom<\/a><a href=\"https:\/\/www.facebook.com\/hashtag\/podlupom?__eep__=6&amp;__cft__[0]=AZU8Is8QfT3rHVhEoRWNAk8XgCCC_512_3_02MYTi8PWGwATJLbgn_jePHOO6JJIw9Gmcdhu66oW9Zyux2AjYnypNmEh-VTR6kY4X9kSOLxKoVYEYpl6z99MwumNXNhaEfS8ZsREEyNu44mdrgC_cS5F57er5Tjx5adPy9fEX3QyxtX8qclv570vyL5rCGakPQU&amp;__tn__=*NK-R\">#podlupom<\/a><a href=\"https:\/\/www.facebook.com\/hashtag\/udru%C5%BEenjedon?__eep__=6&amp;__cft__[0]=AZU8Is8QfT3rHVhEoRWNAk8XgCCC_512_3_02MYTi8PWGwATJLbgn_jePHOO6JJIw9Gmcdhu66oW9Zyux2AjYnypNmEh-VTR6kY4X9kSOLxKoVYEYpl6z99MwumNXNhaEfS8ZsREEyNu44mdrgC_cS5F57er5Tjx5adPy9fEX3QyxtX8qclv570vyL5rCGakPQU&amp;__tn__=*NK-R\">#udru\u017eenjedon<\/a><a href=\"https:\/\/www.facebook.com\/hashtag\/izboriubih?__eep__=6&amp;__cft__[0]=AZU8Is8QfT3rHVhEoRWNAk8XgCCC_512_3_02MYTi8PWGwATJLbgn_jePHOO6JJIw9Gmcdhu66oW9Zyux2AjYnypNmEh-VTR6kY4X9kSOLxKoVYEYpl6z99MwumNXNhaEfS8ZsREEyNu44mdrgC_cS5F57er5Tjx5adPy9fEX3QyxtX8qclv570vyL5rCGakPQU&amp;__tn__=*NK-R\">#izboriuBiH<\/a><a href=\"https:\/\/www.facebook.com\/hashtag\/eubih?__eep__=6&amp;__cft__[0]=AZU8Is8QfT3rHVhEoRWNAk8XgCCC_512_3_02MYTi8PWGwATJLbgn_jePHOO6JJIw9Gmcdhu66oW9Zyux2AjYnypNmEh-VTR6kY4X9kSOLxKoVYEYpl6z99MwumNXNhaEfS8ZsREEyNu44mdrgC_cS5F57er5Tjx5adPy9fEX3QyxtX8qclv570vyL5rCGakPQU&amp;__tn__=*NK-R\">#eubih<\/a><a href=\"https:\/\/www.facebook.com\/hashtag\/francuskaubih?__eep__=6&amp;__cft__[0]=AZU8Is8QfT3rHVhEoRWNAk8XgCCC_512_3_02MYTi8PWGwATJLbgn_jePHOO6JJIw9Gmcdhu66oW9Zyux2AjYnypNmEh-VTR6kY4X9kSOLxKoVYEYpl6z99MwumNXNhaEfS8ZsREEyNu44mdrgC_cS5F57er5Tjx5adPy9fEX3QyxtX8qclv570vyL5rCGakPQU&amp;__tn__=*NK-R\">#francuskaubih<\/a><a href=\"https:\/\/www.facebook.com\/hashtag\/swedenubih?__eep__=6&amp;__cft__[0]=AZU8Is8QfT3rHVhEoRWNAk8XgCCC_512_3_02MYTi8PWGwATJLbgn_jePHOO6JJIw9Gmcdhu66oW9Zyux2AjYnypNmEh-VTR6kY4X9kSOLxKoVYEYpl6z99MwumNXNhaEfS8ZsREEyNu44mdrgC_cS5F57er5Tjx5adPy9fEX3QyxtX8qclv570vyL5rCGakPQU&amp;__tn__=*NK-R\">#swedenubih<\/a><\/p>\n\n\n\n<figure class=\"wp-block-gallery has-nested-images columns-default is-cropped wp-block-gallery-1 is-layout-flex wp-block-gallery-is-layout-flex\">\n<figure class=\"wp-block-image size-large\"><img loading=\"lazy\" decoding=\"async\" width=\"1024\" height=\"768\" data-id=\"6531\" src=\"https:\/\/donprijedor.com\/wp-content\/uploads\/2025\/09\/1-1024x768.jpg\" alt=\"\" class=\"wp-image-6531\" srcset=\"https:\/\/donprijedor.com\/wp-content\/uploads\/2025\/09\/1-1024x768.jpg 1024w, https:\/\/donprijedor.com\/wp-content\/uploads\/2025\/09\/1-300x225.jpg 300w, https:\/\/donprijedor.com\/wp-content\/uploads\/2025\/09\/1-768x576.jpg 768w, https:\/\/donprijedor.com\/wp-content\/uploads\/2025\/09\/1-1536x1152.jpg 1536w, https:\/\/donprijedor.com\/wp-content\/uploads\/2025\/09\/1-320x240.jpg 320w, https:\/\/donprijedor.com\/wp-content\/uploads\/2025\/09\/1.jpg 1600w\" sizes=\"auto, (max-width: 1024px) 100vw, 1024px\" \/><\/figure>\n\n\n\n<figure class=\"wp-block-image size-large\"><img loading=\"lazy\" decoding=\"async\" width=\"768\" height=\"1024\" data-id=\"6532\" src=\"https:\/\/donprijedor.com\/wp-content\/uploads\/2025\/09\/2-768x1024.jpg\" alt=\"\" class=\"wp-image-6532\" srcset=\"https:\/\/donprijedor.com\/wp-content\/uploads\/2025\/09\/2-768x1024.jpg 768w, https:\/\/donprijedor.com\/wp-content\/uploads\/2025\/09\/2-225x300.jpg 225w, https:\/\/donprijedor.com\/wp-content\/uploads\/2025\/09\/2-1152x1536.jpg 1152w, https:\/\/donprijedor.com\/wp-content\/uploads\/2025\/09\/2.jpg 1200w\" sizes=\"auto, (max-width: 768px) 100vw, 768px\" \/><\/figure>\n<\/figure>\n","protected":false},"excerpt":{"rendered":"<p>Kao \u010dlanica Koalicije za slobodne i po\u0161tene izbore &#8220;Pod lupom&#8221; organizovali smo tre\u0107u po redu Akademiju za fer izbore u Prijedoru. Polaznici\/ice su imali priliku u\u010diti o izbornom procesu, nepravilnostima i na\u010dinima njihovog prijavljivanja.<\/p>\n<a class=\"more-link\" rel=\"nofollow\" href=\"https:\/\/donprijedor.com\/?p=6530\">[Detaljnije...]<\/a>","protected":false},"author":1,"featured_media":6532,"comment_status":"closed","ping_status":"closed","sticky":false,"template":"","format":"standard","meta":{"footnotes":""},"categories":[37,31,15],"tags":[],"class_list":["post-6530","post","type-post","status-publish","format-standard","has-post-thumbnail","hentry","category-rad-na-pracenju-izbornog-procesa","category-trenutni-projekti","category-c35-vijesti"],"_links":{"self":[{"href":"https:\/\/donprijedor.com\/index.php?rest_route=\/wp\/v2\/posts\/6530","targetHints":{"allow":["GET"]}}],"collection":[{"href":"https:\/\/donprijedor.com\/index.php?rest_route=\/wp\/v2\/posts"}],"about":[{"href":"https:\/\/donprijedor.com\/index.php?rest_route=\/wp\/v2\/types\/post"}],"author":[{"embeddable":true,"href":"https:\/\/donprijedor.com\/index.php?rest_route=\/wp\/v2\/users\/1"}],"replies":[{"embeddable":true,"href":"https:\/\/donprijedor.com\/index.php?rest_route=%2Fwp%2Fv2%2Fcomments&post=6530"}],"version-history":[{"count":1,"href":"https:\/\/donprijedor.com\/index.php?rest_route=\/wp\/v2\/posts\/6530\/revisions"}],"predecessor-version":[{"id":6533,"href":"https:\/\/donprijedor.com\/index.php?rest_route=\/wp\/v2\/posts\/6530\/revisions\/6533"}],"wp:featuredmedia":[{"embeddable":true,"href":"https:\/\/donprijedor.com\/index.php?rest_route=\/wp\/v2\/media\/6532"}],"wp:attachment":[{"href":"https:\/\/donprijedor.com\/index.php?rest_route=%2Fwp%2Fv2%2Fmedia&parent=6530"}],"wp:term":[{"taxonomy":"category","embeddable":true,"href":"https:\/\/donprijedor.com\/index.php?rest_route=%2Fwp%2Fv2%2Fcategories&post=6530"},{"taxonomy":"post_tag","embeddable":true,"href":"https:\/\/donprijedor.com\/index.php?rest_route=%2Fwp%2Fv2%2Ftags&post=6530"}],"curies":[{"name":"wp","href":"https:\/\/api.w.org\/{rel}","templated":true}]}}